{"id":2119,"date":"2022-05-02T09:00:00","date_gmt":"2022-05-02T08:00:00","guid":{"rendered":"https:\/\/hajnierdelyi.com\/?p=2119"},"modified":"2022-05-01T19:34:45","modified_gmt":"2022-05-01T18:34:45","slug":"anyak-napjara","status":"publish","type":"post","link":"https:\/\/hajnierdelyi.com\/hu\/2022\/05\/02\/anyak-napjara\/","title":{"rendered":"Any\u00e1k napj\u00e1ra"},"content":{"rendered":"\n<figure class=\"wp-block-table\"><table><tbody><tr><td><\/td><\/tr><\/tbody><\/table><\/figure>\n\n\n\n<figure class=\"wp-block-table\"><table><tbody><tr><td>K\u00f6sz\u00f6ntelek T\u00e9ged Any\u00e1k napja alkalm\u00e1b\u00f3l.&nbsp;<br>A magyar Any\u00e1k napja alkalm\u00e1b\u00f3l.&nbsp;<br><strong><br>Ak\u00e1r van gyermeked, ak\u00e1r nincs a gondoskod\u00f3 anyai \u00e9n ott van benned, aki figyeli hova \u00e1radhat, kinek van sz\u00fcks\u00e9ge szeretetre, seg\u00edts\u00e9gre, oltalomra, vigasztal\u00e1sra.&nbsp;<\/strong><br>\u00c9n ezt a gondoskod\u00f3 min\u0151s\u00e9get \u00fcnneplem ilyenkor benned \u00e9s bennem! K\u00f6sz\u00f6ntsd magadban Te is kedves&nbsp;H\u00edrlev\u00e9lolvas\u00f3!<br>\u00c9s tedd fel magadnak a k\u00e9rd\u00e9st, mi az amire legjobban v\u00e1gysz Any\u00e1k napja alkalm\u00e1b\u00f3l? De \u00fagy komolyan, \u00fagy \u0151szint\u00e9n! Legal\u00e1bb magadnak mondd ki vagy \u00edrd meg nekem!\u00c9n megfogalmaztam magamnak \u00e9s ak\u00e1rhogyan cs\u0171rtem csavartam, azt \u00e9rzem, hogy<strong>&nbsp;elismer\u00e9s<\/strong>re (appreciation), \u00e9rt\u00e9kel\u00e9sre van sz\u00fcks\u00e9gem. Teljesen \u0151szint\u00e9n most, ez az ami saj\u00e1t magamb\u00f3l\/ magamt\u00f3l kev\u00e9sb\u00e9 j\u00f6n, \u00edgy j\u00f3 lenne ebben megf\u00fcr\u00f6dni.<br>De az\u00e1ltal, hogy ezt megfogalmaztam magamnak (\u00e9s persze a csal\u00e1dnak), \u00edgy tudatosabban igyekszem kital\u00e1lni a form\u00e1j\u00e1t hogy hogyan tud ez megjelenni bennem \u00e9s nem utols\u00f3 sorban hogyan tudom befogadni.<\/td><\/tr><\/tbody><\/table><\/figure>\n\n\n\n<figure class=\"wp-block-image size-large\"><img loading=\"lazy\" decoding=\"async\" width=\"683\" height=\"1024\" src=\"https:\/\/i0.wp.com\/hajnierdelyi.com\/wp-content\/uploads\/2022\/05\/d8d5128f-10313879_10203763619120746_6173549674812615931_o.jpg?resize=683%2C1024&#038;ssl=1\" alt=\"\" class=\"wp-image-2120\" srcset=\"https:\/\/i0.wp.com\/hajnierdelyi.com\/wp-content\/uploads\/2022\/05\/d8d5128f-10313879_10203763619120746_6173549674812615931_o.jpg?resize=683%2C1024&amp;ssl=1 683w, https:\/\/i0.wp.com\/hajnierdelyi.com\/wp-content\/uploads\/2022\/05\/d8d5128f-10313879_10203763619120746_6173549674812615931_o.jpg?resize=200%2C300&amp;ssl=1 200w, https:\/\/i0.wp.com\/hajnierdelyi.com\/wp-content\/uploads\/2022\/05\/d8d5128f-10313879_10203763619120746_6173549674812615931_o.jpg?resize=768%2C1152&amp;ssl=1 768w, https:\/\/i0.wp.com\/hajnierdelyi.com\/wp-content\/uploads\/2022\/05\/d8d5128f-10313879_10203763619120746_6173549674812615931_o.jpg?resize=1024%2C1536&amp;ssl=1 1024w, https:\/\/i0.wp.com\/hajnierdelyi.com\/wp-content\/uploads\/2022\/05\/d8d5128f-10313879_10203763619120746_6173549674812615931_o.jpg?resize=1140%2C1710&amp;ssl=1 1140w, https:\/\/i0.wp.com\/hajnierdelyi.com\/wp-content\/uploads\/2022\/05\/d8d5128f-10313879_10203763619120746_6173549674812615931_o.jpg?w=1365&amp;ssl=1 1365w\" sizes=\"(max-width: 683px) 100vw, 683px\" data-recalc-dims=\"1\" \/><\/figure>\n\n\n\n<p><strong>Workshopok<\/strong><\/p>\n\n\n\n<p><strong><a rel=\"noreferrer noopener\" href=\"https:\/\/click.mlsend.com\/link\/c\/YT0xOTIwODk4OTQ5NTI3Mzc3MTY0JmM9aDR2NSZlPTE5MjgmYj05NTIzMTgxODEmZD14M3Y0ajJx.ugBf-dEjx7QAyh7Im10f2j7QuOULPfvolGw4isZ4aZs\" target=\"_blank\">Anya \u2013 Csal\u00e1d &amp; Rendszer \u00e1ll\u00edt\u00e1s Workshop<\/a><\/strong><br><em><br>M\u00e1jus 7, szombat 15:00-19:00; Avenue Paul Hymans 99<\/em><\/p>\n\n\n\n<p><em>M\u00e1jus 14 szombat 09:30-13:30; Avenue Paul Hymans 99<\/em><br><br>Any\u00e1ink l\u00e1nya vagyunk, tal\u00e1n mi magunk is any\u00e1k \u00e9s ott van m\u00e9g a bels\u0151 any\u00e1nk is. Ezek csak a legk\u00f6zismertebb \u00e9s legt\u00f6bbsz\u00f6r felbukkan\u00f3 arcai az Anya archet\u00edpusnak.<\/p>\n\n\n\n<p><\/p>\n","protected":false},"excerpt":{"rendered":"<p>K\u00f6sz\u00f6ntelek T\u00e9ged Any\u00e1k napja alkalm\u00e1b\u00f3l.&nbsp;A magyar Any\u00e1k napja alkalm\u00e1b\u00f3l.&nbsp;Ak\u00e1r van gyermeked, ak\u00e1r nincs a gondoskod\u00f3 anyai \u00e9n ott van benned, aki figyeli hova \u00e1radhat, kinek van sz\u00fcks\u00e9ge szeretetre, seg\u00edts\u00e9gre, oltalomra, vigasztal\u00e1sra.&nbsp;\u00c9n ezt a gondoskod\u00f3 min\u0151s\u00e9get \u00fcnneplem ilyenkor benned \u00e9s bennem! K\u00f6sz\u00f6ntsd magadban Te is kedves&nbsp;H\u00edrlev\u00e9lolvas\u00f3!\u00c9s tedd fel magadnak a k\u00e9rd\u00e9st, mi az amire legjobban v\u00e1gysz Any\u00e1k napja alkalm\u00e1b\u00f3l? De \u00fagy komolyan, \u00fagy \u0151szint\u00e9n! Legal\u00e1bb magadnak mondd ki vagy \u00edrd meg nekem!\u00c9n megfogalmaztam magamnak \u00e9s ak\u00e1rhogyan cs\u0171rtem csavartam, azt \u00e9rzem, hogy&nbsp;elismer\u00e9sre (appreciation), \u00e9rt\u00e9kel\u00e9sre van sz\u00fcks\u00e9gem. Teljesen \u0151szint\u00e9n most, ez az ami saj\u00e1t magamb\u00f3l\/ magamt\u00f3l kev\u00e9sb\u00e9 j\u00f6n, \u00edgy j\u00f3 lenne ebben megf\u00fcr\u00f6dni.De az\u00e1ltal, hogy ezt megfogalmaztam magamnak (\u00e9s persze a csal\u00e1dnak), \u00edgy tudatosabban igyekszem kital\u00e1lni a form\u00e1j\u00e1t hogy hogyan tud ez megjelenni bennem \u00e9s nem utols\u00f3 sorban hogyan tudom befogadni. Workshopok Anya \u2013 Csal\u00e1d &amp; Rendszer \u00e1ll\u00edt\u00e1s WorkshopM\u00e1jus 7, szombat 15:00-19:00; Avenue Paul Hymans 99 M\u00e1jus 14 szombat 09:30-13:30; Avenue Paul Hymans 99 Any\u00e1ink l\u00e1nya vagyunk, tal\u00e1n mi magunk is any\u00e1k \u00e9s ott van m\u00e9g a bels\u0151 any\u00e1nk is. Ezek csak a legk\u00f6zismertebb \u00e9s legt\u00f6bbsz\u00f6r felbukkan\u00f3 arcai az Anya archet\u00edpusnak.<\/p>\n","protected":false},"author":2,"featured_media":0,"comment_status":"open","ping_status":"open","sticky":false,"template":"","format":"standard","meta":{"_exactmetrics_skip_tracking":false,"_exactmetrics_sitenote_active":false,"_exactmetrics_sitenote_note":"","_exactmetrics_sitenote_category":0,"advanced_seo_description":"","jetpack_seo_html_title":"","jetpack_seo_noindex":false,"_jetpack_memberships_contains_paid_content":false,"footnotes":""},"categories":[20],"tags":[277,139,109],"translation":{"provider":"WPGlobus","version":"3.0.0","language":"hu","enabled_languages":["en","hu"],"languages":{"en":{"title":true,"content":true,"excerpt":false},"hu":{"title":false,"content":false,"excerpt":false}}},"jetpack_featured_media_url":"","jetpack_likes_enabled":true,"jetpack_shortlink":"https:\/\/wp.me\/pbIAfB-yb","jetpack_sharing_enabled":true,"acf":[],"_links":{"self":[{"href":"https:\/\/hajnierdelyi.com\/hu\/wp-json\/wp\/v2\/posts\/2119"}],"collection":[{"href":"https:\/\/hajnierdelyi.com\/hu\/wp-json\/wp\/v2\/posts"}],"about":[{"href":"https:\/\/hajnierdelyi.com\/hu\/wp-json\/wp\/v2\/types\/post"}],"author":[{"embeddable":true,"href":"https:\/\/hajnierdelyi.com\/hu\/wp-json\/wp\/v2\/users\/2"}],"replies":[{"embeddable":true,"href":"https:\/\/hajnierdelyi.com\/hu\/wp-json\/wp\/v2\/comments?post=2119"}],"version-history":[{"count":1,"href":"https:\/\/hajnierdelyi.com\/hu\/wp-json\/wp\/v2\/posts\/2119\/revisions"}],"predecessor-version":[{"id":2121,"href":"https:\/\/hajnierdelyi.com\/hu\/wp-json\/wp\/v2\/posts\/2119\/revisions\/2121"}],"wp:attachment":[{"href":"https:\/\/hajnierdelyi.com\/hu\/wp-json\/wp\/v2\/media?parent=2119"}],"wp:term":[{"taxonomy":"category","embeddable":true,"href":"https:\/\/hajnierdelyi.com\/hu\/wp-json\/wp\/v2\/categories?post=2119"},{"taxonomy":"post_tag","embeddable":true,"href":"https:\/\/hajnierdelyi.com\/hu\/wp-json\/wp\/v2\/tags?post=2119"}],"curies":[{"name":"wp","href":"https:\/\/api.w.org\/{rel}","templated":true}]}}