{"id":2106,"date":"2022-04-25T09:00:00","date_gmt":"2022-04-25T08:00:00","guid":{"rendered":"https:\/\/hajnierdelyi.com\/?p=2106"},"modified":"2022-04-24T20:19:01","modified_gmt":"2022-04-24T19:19:01","slug":"leleptunk-mindent-hatra-hagyva","status":"publish","type":"post","link":"https:\/\/hajnierdelyi.com\/hu\/2022\/04\/25\/leleptunk-mindent-hatra-hagyva\/","title":{"rendered":"Lel\u00e9pt\u00fcnk, mindent h\u00e1tra hagyva"},"content":{"rendered":"\n<p>P\u00e1r napja \u00fcnnepelt\u00fck az \u00e9vfordul\u00f3nkat: 23 \u00e9ve vagyunk egy\u00fctt. Az volt az aj\u00e1nd\u00e9kunk, hogy hossz\u00fa id\u0151 ut\u00e1n el\u0151sz\u00f6r kettesben elutazunk Rodoszra, 5 napra.<br>Az \u00e9let viszont sok minden m\u00e1st is el\u00e9nk g\u00f6rd\u00edtett: csal\u00e1dban betegs\u00e9g, bet\u00f6r\u00e9s\u2026 ami kicsit nehezebb\u00e9 tette l\u00e9lekben \u00e9s fizikailag a dolgokat, hogy elszabaduljunk.<br>Megszervezt\u00fck az extra dolgokat, amiket kellett \u00e9s lel\u00e9pt\u00fcnk.<\/p>\n\n\n\n<p>Nek\u00fcnk a kalandoz\u00e1s a kapcsolatunk egy fontos eleme, kapcsol\u00f3d\u00e1si pont. Nem az a l\u00e9nyeg, hogy messzire menj\u00fcnk, hanem az, hogy kir\u00e1nduljunk, gyalogoljunk\u2026 Mi\u00f3ta gyerekeink vannak, az\u00f3ta emell\u00e9 j\u00f6tt m\u00e9g a&nbsp;<strong>struktur\u00e1latlan id\u0151<\/strong>, teh\u00e1t ne kelljen id\u0151re menni, valahol megjelenni, hanem csak agenda n\u00e9lk\u00fcl egy\u00fctt lenni.<br><em>Ilyenkor tudjuk \u00fajra meg\u00e9rezni egym\u00e1st, visszaeml\u00e9kezni \u00e9s meger\u0151s\u00edteni, hogy mi\u00e9rt is vagyunk egy\u00fctt, mi\u00e9rt szerett\u00fcnk egym\u00e1sba.<\/em>&nbsp;Ezek a dolgok a h\u00e9tk\u00f6znapokban nek\u00fcnk nagyon el tudnak t\u0171nni \u00e9s fontosnak \u00e9rezz\u00fck, hogy kapcsol\u00f3djunk ehhez \u00fajra. Term\u00e9szetesen nem mindig tudunk erre ennyi p\u00e9nzt \u00e9s id\u0151t sz\u00e1nni \u00e9s semmilyen szinten nem akarom azt mondani, hogy ezt csak \u00edgy lehet. Mindenkinek van egy saj\u00e1t \u00fatja \u00e9s m\u00f3dja, ahogyan kapcsol\u00f3dik. Nek\u00fcnk ez a t\u00far\u00e1z\u00e1s, gyalogl\u00e1s, kalandoz\u00e1s.<br><br>R\u00e9gebben engem nagyon ideges\u00edtett, ha nem besz\u00e9lgett\u00fcnk, azt \u00e9reztem \u00dar isten, valami baj van vel\u00fcnk, kifogytunk a t\u00e9m\u00e1b\u00f3l, itt a v\u00e9g\u2026!<br>Most viszont hossz\u00fa id\u0151ket ment\u00fcnk ak\u00e1r aut\u00f3val ak\u00e1r gyalog zene \u00e9s besz\u00e9lget\u00e9s n\u00e9lk\u00fcl, cs\u00f6ndben \u00e9s tal\u00e1n most el\u0151sz\u00f6r \u00e9rtem el oda, hogy ezt \u00c9LVEZTEM! Cs\u00f6nd, nyugalom, naps\u00fct\u00e9s, l\u00e9tez\u00e9s.<br>Ehhez meg kellett \u00e9rnem, j\u00f3 sok \u00e9v kellett hozz\u00e1, de meg\u00e9rte \ud83d\ude0a.<\/p>\n\n\n\n<p>Ezenk\u00edv\u00fcl tudom, hogy ez egy csod\u00e1latos privil\u00e9gium, hogy Anyuk\u00e1m bev\u00e1llalta a gyerekeinket (plusz m\u00e9g 1 unok\u00e1j\u00e1t) \u00e9s a nyulunkat ennyi id\u0151re, f\u0151z\u00f6tt, mosott r\u00e1juk, torn\u00e1ra, rajzra vitte \u0151ket\u2026 Sok-sok \u00e9v munk\u00e1ja van ebben is, hogy&nbsp;<strong>merjek, tudjak seg\u00edts\u00e9get k\u00e9rni \u00e9s elfogadjak.<\/strong>&nbsp;K\u00e9sz\u00edtsek el\u0151, szervezzek, de ut\u00e1na<strong>&nbsp;engedjem el \u00e9s nem kell kontroll\u00e1lnom, hanem b\u00edzni<\/strong>. \u00c9s&nbsp;<strong>egym\u00e1s elfogad\u00e1sa<\/strong>&nbsp;\u00e9s az, hogy m\u00e9g van kit\u0151l k\u00e9rnem. \ud83d\ude4f (Ha \u00e9rdekel ez a t\u00e9ma akkor aj\u00e1nlom az&nbsp;<a href=\"https:\/\/kinehajni.com\/events-workshops\/#mother\">ANYA csal\u00e1d\u00e1ll\u00edt\u00e1s workshopot<\/a>)<br>A legjobb \u00e9rz\u00e9s ebben a biztosan k\u00f6t\u0151d\u0151 gyerekek, akik integetnek: \u201e\u00c9rezz\u00e9tek j\u00f3l magatokat, hi\u00e1nyozni fogtok!\u201d \u00e9s mennek tov\u00e1bb j\u00e1tszani. Tudj\u00e1k, hogy visszaj\u00f6v\u00fcnk, \u00e9s ott van benn\u00fck a bizalom. Tudj\u00e1k, hogy felh\u00edvhatnak b\u00e1rmikor, pontosan tudj\u00e1k, hogy melyik nap megy\u00fcnk vissza. Ez csod\u00e1latos.<br>Mi\u00e9rt mondom ezt? Mert azt l\u00e1tom sokszor, annyi s\u00faly van rakva a sz\u00fcl\u0151kre, any\u00e1kra, mintha MINDENNEK NEKIK KELLENE LENNI, a nagymam\u00e1nak, a bar\u00e1tn\u0151nek, a tan\u00e1rn\u00e9ninek\u2026. PEDIG EGY FALURA van sz\u00fcks\u00e9g\u00fcnk, sok-sok seg\u00edts\u00e9gre \u00e9s bizalomra.<br>Annyi a tanulnival\u00f3nk a befogad\u00e1sban \u00e9s k\u00e9r\u00e9sben.&nbsp;<br>\u00c9s a gyerekek? Azt l\u00e1tom, hogy tapasztalj\u00e1k, hogy mindenki m\u00e1s, \u00e9s ez j\u00f3, kivel mit lehet csin\u00e1lni, kire miben sz\u00e1m\u00edthatnak \u00e9s persze van a MAG (Papa \u00e9s Mama) ahova vissza lehet szaladni.<br>(Ez m\u0171k\u00f6dik babysitterrel is, csak ott az\u00e9rt maximum 1,5 napot tudtunk lel\u00e9pni, az\u00e9rt az egy m\u00e1s t\u00e9szta nagyon\u2026 De opci\u00f3.)<br><\/p>\n\n\n\n<p>\u00c9n h\u00e1l\u00e1val z\u00e1rn\u00e1m a soraimat a csal\u00e1dom\u00e9rt, p\u00e1rom\u00e9rt \u00e9s h\u00e1la magamnak is az\u00e9rt sok munk\u00e1\u00e9rt, hogy ide eljussak \u00e9s ami m\u00e9g el\u0151tt\u00fcnk \u00e1ll, hogy m\u00e9g tov\u00e1bb vigy\u00fck ezt! \ud83d\ude4f<\/p>\n\n\n\n<figure class=\"wp-block-image size-large\"><img loading=\"lazy\" decoding=\"async\" width=\"960\" height=\"720\" src=\"https:\/\/i0.wp.com\/hajnierdelyi.com\/wp-content\/uploads\/2022\/04\/2c6b7325-20220413_130238.jpg?resize=960%2C720&#038;ssl=1\" alt=\"\" class=\"wp-image-2109\" srcset=\"https:\/\/i0.wp.com\/hajnierdelyi.com\/wp-content\/uploads\/2022\/04\/2c6b7325-20220413_130238-scaled.jpg?resize=1024%2C768&amp;ssl=1 1024w, https:\/\/i0.wp.com\/hajnierdelyi.com\/wp-content\/uploads\/2022\/04\/2c6b7325-20220413_130238-scaled.jpg?resize=300%2C225&amp;ssl=1 300w, https:\/\/i0.wp.com\/hajnierdelyi.com\/wp-content\/uploads\/2022\/04\/2c6b7325-20220413_130238-scaled.jpg?resize=768%2C576&amp;ssl=1 768w, https:\/\/i0.wp.com\/hajnierdelyi.com\/wp-content\/uploads\/2022\/04\/2c6b7325-20220413_130238-scaled.jpg?resize=1536%2C1152&amp;ssl=1 1536w, https:\/\/i0.wp.com\/hajnierdelyi.com\/wp-content\/uploads\/2022\/04\/2c6b7325-20220413_130238-scaled.jpg?resize=2048%2C1536&amp;ssl=1 2048w, https:\/\/i0.wp.com\/hajnierdelyi.com\/wp-content\/uploads\/2022\/04\/2c6b7325-20220413_130238-scaled.jpg?resize=1140%2C855&amp;ssl=1 1140w, https:\/\/i0.wp.com\/hajnierdelyi.com\/wp-content\/uploads\/2022\/04\/2c6b7325-20220413_130238-scaled.jpg?w=1920&amp;ssl=1 1920w\" sizes=\"(max-width: 960px) 100vw, 960px\" data-recalc-dims=\"1\" \/><\/figure>\n\n\n\n<p><strong>Workshopok<\/strong><\/p>\n\n\n\n<p><strong><a href=\"https:\/\/click.mlsend.com\/link\/c\/YT0xOTIwODk4OTQ5NTI3Mzc3MTY0JmM9aDR2NSZlPTE5MjgmYj05NTIzMTgxNzcmZD15N2k1ZzVj.tOHEYnbDiXhYm9IOwl6JsAYThnI3xcD-Hq5OqUvwCQg\" target=\"_blank\" rel=\"noreferrer noopener\">Most \u00e9n j\u00f6v\u00f6k! T\u00f6ltsd fel magad Any\u00e1k napi j\u00f3ga \u00e9s relax\u00e1ci\u00f3s mini elvonul\u00e1s<\/a><\/strong><\/p>\n\n\n\n<p><em>M\u00e1jus 1. vas\u00e1rnap 10:00-14:00 vagy 15:00-19:00<\/em><\/p>\n\n\n\n<p>Ez az id\u0151 csak R\u00f3lad sz\u00f3l! Saj\u00e1t tested, elm\u00e9d, lelked felt\u00f6lt\u00e9s\u00e9r\u0151l, figyelem ad\u00e1s\u00e1r\u00f3l.<br><strong><a rel=\"noreferrer noopener\" href=\"https:\/\/click.mlsend.com\/link\/c\/YT0xOTIwODk4OTQ5NTI3Mzc3MTY0JmM9aDR2NSZlPTE5MjgmYj05NTIzMTgxNzkmZD14MWY3eThr.mcp712lTgdEUwV-fOSG06dI86CRD0IReYPz1bJlYPcM\" target=\"_blank\"><\/a><\/strong><\/p>\n\n\n\n<p><strong><a rel=\"noreferrer noopener\" href=\"https:\/\/click.mlsend.com\/link\/c\/YT0xOTIwODk4OTQ5NTI3Mzc3MTY0JmM9aDR2NSZlPTE5MjgmYj05NTIzMTgxODEmZD14M3Y0ajJx.ugBf-dEjx7QAyh7Im10f2j7QuOULPfvolGw4isZ4aZs\" target=\"_blank\">Anya \u2013 Csal\u00e1d &amp; Rendszer \u00e1ll\u00edt\u00e1s Workshop<\/a><\/strong><br><em><br>M\u00e1jus 7, szombat 15:00-19:00; Avenue Paul Hymans 99<\/em><br><br>Any\u00e1ink l\u00e1nya vagyunk, tal\u00e1n mi magunk is any\u00e1k \u00e9s ott van m\u00e9g a bels\u0151 any\u00e1nk is. Ezek csak a legk\u00f6zismertebb \u00e9s legt\u00f6bbsz\u00f6r felbukkan\u00f3 arcai az Anya archet\u00edpusnak.<\/p>\n","protected":false},"excerpt":{"rendered":"<p>P\u00e1r napja \u00fcnnepelt\u00fck az \u00e9vfordul\u00f3nkat: 23 \u00e9ve vagyunk egy\u00fctt. Az volt az aj\u00e1nd\u00e9kunk, hogy hossz\u00fa id\u0151 ut\u00e1n el\u0151sz\u00f6r kettesben elutazunk Rodoszra, 5 napra.Az \u00e9let viszont sok minden m\u00e1st is el\u00e9nk g\u00f6rd\u00edtett: csal\u00e1dban betegs\u00e9g, bet\u00f6r\u00e9s\u2026 ami kicsit nehezebb\u00e9 tette l\u00e9lekben \u00e9s fizikailag a dolgokat, hogy elszabaduljunk.Megszervezt\u00fck az extra dolgokat, amiket kellett \u00e9s lel\u00e9pt\u00fcnk. Nek\u00fcnk a kalandoz\u00e1s a kapcsolatunk egy fontos eleme, kapcsol\u00f3d\u00e1si pont. Nem az a l\u00e9nyeg, hogy messzire menj\u00fcnk, hanem az, hogy kir\u00e1nduljunk, gyalogoljunk\u2026 Mi\u00f3ta gyerekeink vannak, az\u00f3ta emell\u00e9 j\u00f6tt m\u00e9g a&nbsp;struktur\u00e1latlan id\u0151, teh\u00e1t ne kelljen id\u0151re menni, valahol megjelenni, hanem csak agenda n\u00e9lk\u00fcl egy\u00fctt lenni.Ilyenkor tudjuk \u00fajra meg\u00e9rezni egym\u00e1st, visszaeml\u00e9kezni \u00e9s meger\u0151s\u00edteni, hogy mi\u00e9rt is vagyunk egy\u00fctt, mi\u00e9rt szerett\u00fcnk egym\u00e1sba.&nbsp;Ezek a dolgok a h\u00e9tk\u00f6znapokban nek\u00fcnk nagyon el tudnak t\u0171nni \u00e9s fontosnak \u00e9rezz\u00fck, hogy kapcsol\u00f3djunk ehhez \u00fajra. Term\u00e9szetesen nem mindig tudunk erre ennyi p\u00e9nzt \u00e9s id\u0151t sz\u00e1nni \u00e9s semmilyen szinten nem akarom azt mondani, hogy ezt csak \u00edgy lehet. Mindenkinek van egy saj\u00e1t \u00fatja \u00e9s m\u00f3dja, ahogyan kapcsol\u00f3dik. Nek\u00fcnk ez a t\u00far\u00e1z\u00e1s, gyalogl\u00e1s, kalandoz\u00e1s. R\u00e9gebben engem nagyon ideges\u00edtett, ha nem besz\u00e9lgett\u00fcnk, azt \u00e9reztem \u00dar isten, valami baj van vel\u00fcnk, kifogytunk a t\u00e9m\u00e1b\u00f3l, itt a v\u00e9g\u2026!Most viszont hossz\u00fa id\u0151ket ment\u00fcnk ak\u00e1r aut\u00f3val ak\u00e1r gyalog zene \u00e9s besz\u00e9lget\u00e9s n\u00e9lk\u00fcl, cs\u00f6ndben \u00e9s tal\u00e1n most el\u0151sz\u00f6r \u00e9rtem el oda, hogy ezt \u00c9LVEZTEM! Cs\u00f6nd, nyugalom, naps\u00fct\u00e9s, l\u00e9tez\u00e9s.Ehhez meg kellett \u00e9rnem, j\u00f3 sok \u00e9v kellett hozz\u00e1, de meg\u00e9rte \ud83d\ude0a. Ezenk\u00edv\u00fcl tudom, hogy ez egy csod\u00e1latos privil\u00e9gium, hogy Anyuk\u00e1m bev\u00e1llalta a gyerekeinket (plusz m\u00e9g 1 unok\u00e1j\u00e1t) \u00e9s a nyulunkat ennyi id\u0151re, f\u0151z\u00f6tt, mosott r\u00e1juk, torn\u00e1ra, rajzra vitte \u0151ket\u2026 Sok-sok \u00e9v munk\u00e1ja van ebben is, hogy&nbsp;merjek, tudjak seg\u00edts\u00e9get k\u00e9rni \u00e9s elfogadjak.&nbsp;K\u00e9sz\u00edtsek el\u0151, szervezzek, de ut\u00e1na&nbsp;engedjem el \u00e9s nem kell kontroll\u00e1lnom, hanem b\u00edzni. \u00c9s&nbsp;egym\u00e1s elfogad\u00e1sa&nbsp;\u00e9s az, hogy m\u00e9g van kit\u0151l k\u00e9rnem. \ud83d\ude4f (Ha \u00e9rdekel ez a t\u00e9ma akkor aj\u00e1nlom az&nbsp;ANYA csal\u00e1d\u00e1ll\u00edt\u00e1s workshopot)A legjobb \u00e9rz\u00e9s ebben a biztosan k\u00f6t\u0151d\u0151 gyerekek, akik integetnek: \u201e\u00c9rezz\u00e9tek j\u00f3l magatokat, hi\u00e1nyozni fogtok!\u201d \u00e9s mennek tov\u00e1bb j\u00e1tszani. Tudj\u00e1k, hogy visszaj\u00f6v\u00fcnk, \u00e9s ott van benn\u00fck a bizalom. Tudj\u00e1k, hogy felh\u00edvhatnak b\u00e1rmikor, pontosan tudj\u00e1k, hogy melyik nap megy\u00fcnk vissza. Ez csod\u00e1latos.Mi\u00e9rt mondom ezt? Mert azt l\u00e1tom sokszor, annyi s\u00faly van rakva a sz\u00fcl\u0151kre, any\u00e1kra, mintha MINDENNEK NEKIK KELLENE LENNI, a nagymam\u00e1nak, a bar\u00e1tn\u0151nek, a tan\u00e1rn\u00e9ninek\u2026. PEDIG EGY FALURA van sz\u00fcks\u00e9g\u00fcnk, sok-sok seg\u00edts\u00e9gre \u00e9s bizalomra.Annyi a tanulnival\u00f3nk a befogad\u00e1sban \u00e9s k\u00e9r\u00e9sben.&nbsp;\u00c9s a gyerekek? Azt l\u00e1tom, hogy tapasztalj\u00e1k, hogy mindenki m\u00e1s, \u00e9s ez j\u00f3, kivel mit lehet csin\u00e1lni, kire miben sz\u00e1m\u00edthatnak \u00e9s persze van a MAG (Papa \u00e9s Mama) ahova vissza lehet szaladni.(Ez m\u0171k\u00f6dik babysitterrel is, csak ott az\u00e9rt maximum 1,5 napot tudtunk lel\u00e9pni, az\u00e9rt az egy m\u00e1s t\u00e9szta nagyon\u2026 De opci\u00f3.) \u00c9n h\u00e1l\u00e1val z\u00e1rn\u00e1m a soraimat a csal\u00e1dom\u00e9rt, p\u00e1rom\u00e9rt \u00e9s h\u00e1la magamnak is az\u00e9rt sok munk\u00e1\u00e9rt, hogy ide eljussak \u00e9s ami m\u00e9g el\u0151tt\u00fcnk \u00e1ll, hogy m\u00e9g tov\u00e1bb vigy\u00fck ezt! \ud83d\ude4f Workshopok Most \u00e9n j\u00f6v\u00f6k! T\u00f6ltsd fel magad Any\u00e1k napi j\u00f3ga \u00e9s relax\u00e1ci\u00f3s mini elvonul\u00e1s M\u00e1jus 1. vas\u00e1rnap 10:00-14:00 vagy 15:00-19:00 Ez az id\u0151 csak R\u00f3lad sz\u00f3l! Saj\u00e1t tested, elm\u00e9d, lelked felt\u00f6lt\u00e9s\u00e9r\u0151l, figyelem ad\u00e1s\u00e1r\u00f3l. Anya \u2013 Csal\u00e1d &amp; Rendszer \u00e1ll\u00edt\u00e1s WorkshopM\u00e1jus 7, szombat 15:00-19:00; Avenue Paul Hymans 99 Any\u00e1ink l\u00e1nya vagyunk, tal\u00e1n mi magunk is any\u00e1k \u00e9s ott van m\u00e9g a bels\u0151 any\u00e1nk is. Ezek csak a legk\u00f6zismertebb \u00e9s legt\u00f6bbsz\u00f6r felbukkan\u00f3 arcai az Anya archet\u00edpusnak.<\/p>\n","protected":false},"author":2,"featured_media":0,"comment_status":"open","ping_status":"open","sticky":false,"template":"","format":"standard","meta":{"_exactmetrics_skip_tracking":false,"_exactmetrics_sitenote_active":false,"_exactmetrics_sitenote_note":"","_exactmetrics_sitenote_category":0,"advanced_seo_description":"","jetpack_seo_html_title":"","jetpack_seo_noindex":false,"_jetpack_memberships_contains_paid_content":false,"footnotes":""},"categories":[20],"tags":[139,284,280,122,109],"translation":{"provider":"WPGlobus","version":"3.0.0","language":"hu","enabled_languages":["en","hu"],"languages":{"en":{"title":true,"content":true,"excerpt":false},"hu":{"title":false,"content":false,"excerpt":false}}},"jetpack_featured_media_url":"","jetpack_likes_enabled":true,"jetpack_shortlink":"https:\/\/wp.me\/pbIAfB-xY","jetpack_sharing_enabled":true,"acf":[],"_links":{"self":[{"href":"https:\/\/hajnierdelyi.com\/hu\/wp-json\/wp\/v2\/posts\/2106"}],"collection":[{"href":"https:\/\/hajnierdelyi.com\/hu\/wp-json\/wp\/v2\/posts"}],"about":[{"href":"https:\/\/hajnierdelyi.com\/hu\/wp-json\/wp\/v2\/types\/post"}],"author":[{"embeddable":true,"href":"https:\/\/hajnierdelyi.com\/hu\/wp-json\/wp\/v2\/users\/2"}],"replies":[{"embeddable":true,"href":"https:\/\/hajnierdelyi.com\/hu\/wp-json\/wp\/v2\/comments?post=2106"}],"version-history":[{"count":4,"href":"https:\/\/hajnierdelyi.com\/hu\/wp-json\/wp\/v2\/posts\/2106\/revisions"}],"predecessor-version":[{"id":2114,"href":"https:\/\/hajnierdelyi.com\/hu\/wp-json\/wp\/v2\/posts\/2106\/revisions\/2114"}],"wp:attachment":[{"href":"https:\/\/hajnierdelyi.com\/hu\/wp-json\/wp\/v2\/media?parent=2106"}],"wp:term":[{"taxonomy":"category","embeddable":true,"href":"https:\/\/hajnierdelyi.com\/hu\/wp-json\/wp\/v2\/categories?post=2106"},{"taxonomy":"post_tag","embeddable":true,"href":"https:\/\/hajnierdelyi.com\/hu\/wp-json\/wp\/v2\/tags?post=2106"}],"curies":[{"name":"wp","href":"https:\/\/api.w.org\/{rel}","templated":true}]}}