{"id":2103,"date":"2022-04-11T09:00:00","date_gmt":"2022-04-11T08:00:00","guid":{"rendered":"https:\/\/hajnierdelyi.com\/?p=2103"},"modified":"2022-04-10T19:00:33","modified_gmt":"2022-04-10T18:00:33","slug":"az-el-caminon-erre-kerestem-a-valaszt-anyava-valasom-utja","status":"publish","type":"post","link":"https:\/\/hajnierdelyi.com\/hu\/2022\/04\/11\/az-el-caminon-erre-kerestem-a-valaszt-anyava-valasom-utja\/","title":{"rendered":"Az El Caminon erre kerestem a v\u00e1laszt &#038; any\u00e1v\u00e1 v\u00e1l\u00e1som \u00fatja"},"content":{"rendered":"\n<p>Sokf\u00e9le \u00fatja van az anyas\u00e1gnak.<\/p>\n\n\n\n<p>Van, aki tudja, hogy gyermeket szeretne \u00e9s azt is tudja pontosan hogy h\u00e1nyat. Tudja, hogy anya szeretne lenni.<br>\u00c9n nem ebbe a csoportba tartoztam, nekem ez \u00e9vek kutat\u00e1sa \u00e9s munk\u00e1ja volt. (Kb. ugyanezt az utat j\u00e1rtam be a h\u00e1zass\u00e1ggal is). Annak ellen\u00e9re, hogy a gyermekkorom munk\u00e1san telt, m\u00e1r abban az id\u0151ben n\u0151ttem fel amikor az \u201e\u00e1ltal\u00e1nos\u201d n\u0151i menetrendet megk\u00e9rd\u0151jelezhettem. Ezt is meg is tettem. Nyilas jegyben sz\u00fclettem, vagy ebb\u0151l, vagy ki tudja (m\u00e9g) mi\u00e9rt a szabads\u00e1g az alap elemem, \u00e9s ezt mind a h\u00e1zass\u00e1g \u00e9s a gyermekek el\u00e9g er\u0151sen megnyirb\u00e1lj\u00e1k. Term\u00e9szetesen csak els\u0151 r\u00e1n\u00e9z\u00e9sre. Az\u00f3ta m\u00e1r tudom, hogy ezeken bel\u00fcl is kibontakozhatom, nagyobb kih\u00edv\u00e1s ugyan, (legal\u00e1bbis szerintem) de nem lehetetlen.<\/p>\n\n\n\n<p>&nbsp;Sz\u00f3val \u00e9reztem, hogy ezt a gyerek t\u00e9m\u00e1t nem tudom teljesen elengedni, de rengeteg bizonytalans\u00e1g volt bennem, hogy any\u00e1nak val\u00f3 vagyok-e \u00e9n. Azt tudtam m\u00e1r r\u00e9gen, hogy fontos sz\u00e1momra az \u00f6nmegval\u00f3s\u00edt\u00e1s a munk\u00e1mon kereszt\u00fcl, bizonytalan voltam benne, hogy ebbe a gyerekek belef\u00e9rnek-e. Tudok-e eleget figyelni r\u00e1juk, eleget vel\u00fck lenni, ne adj Isten, azt \u00e9rzem majd hogy visszah\u00faznak\u2026<br>(Term\u00e9szetesen ezeket mind \u00e9reztem \u00e9s \u00e9rzem anyak\u00e9nt)<br>Ebbe eg\u00e9szen addig belep\u00f6rgettem magam, hogy elhat\u00e1roztam, hogy egyed\u00fcl neki v\u00e1gok az \u00e9szaki Caminonak ezzel a k\u00e9rd\u00e9ssel, \u00e9s feltett sz\u00e1nd\u00e9kom volt, hogy az \u00fat v\u00e9g\u00e9re v\u00e1laszt kapok.<br>Neki kezdtem szervezni, f\u00f3rumokat olvasni, McDonalds el\u0151tt tal\u00e1lkozni egy fi\u00faval aki t\u00e9rk\u00e9pet \u00e9s tan\u00e1csokat adott \u00e1t az \u00fatj\u00e1r\u00f3l. Persze, itt sem oda mentem, ami a megszokott \u00fatvonal, hanem az \u00e9szakira ahol m\u00e9g akkor kevesebben voltak \u00e9s kev\u00e9sb\u00e9 ki\u00e9p\u00edtett volt. Azt\u00e1n j\u00f6tt a pofon, a f\u0151n\u00f6k\u00f6m nem engedett el annyi id\u0151re szabads\u00e1gra, maximum 2 hetet kaptam. A h\u00e9tv\u00e9g\u00e9kkel, meg hozz\u00e1 toldott napokkal volt majdnem 2,5 hetem. Pozsonyb\u00f3l rep\u00fcltem N\u00e9metorsz\u00e1gba, ott a rept\u00e9ren \u00e9jjel egy volt l\u00e9giutask\u00eds\u00e9r\u0151 vend\u00e9gem, begy\u0171jt\u00f6tt \u00e9s n\u00e1la aludtam, m\u00e1snap indultam Biarritzba Franciaorsz\u00e1gba \u00e9s onnan \u00e1t vonattal Spanyolorsz\u00e1gba. Pozsonyban szinte sokkos \u00e1llapotban sz\u00e1lltam fel, zokogtam, annyira akartam \u00e9s annyira f\u00e9ltem. Ez volt az els\u0151 utam egyed\u00fcl. \u00c9n nem \u00fagy n\u0151ttem fel, mint a gyerekeim, hogy rep\u00fcltem jobbra balra. Ez akkor 20 \u00e9ve m\u00e9g nagy sz\u00f3 volt nekem, hogy egyed\u00fcl neki v\u00e1gjak az ismeretlennek. Nem v\u00e1rt sehol senki. Az els\u0151 sz\u00e1ll\u00e1som c\u00edme megvolt \u00e9s csak rem\u00e9ltem, hogy lesz helyem ott aludni.<br>De ez volt az els\u0151 \u00e1llom\u00e1s az anyas\u00e1g k\u00e9rd\u00e9se \u00fatj\u00e1n.<br>Lehet, egy k\u00fcl\u00f6n t\u00e9ma lenne, hogy az eg\u00e9sz utat le\u00edrjam, mert nagyon \u00e9rdekes volt \u00e9s \u00f6r\u00f6k \u00e9lm\u00e9ny.<br>V\u00e1laszt kaptam is \u00e9s nem is. Bebizony\u00edtottam magamnak, hogy v\u00e9gig tudom csin\u00e1lni. Iszonytat\u00f3 mennyis\u00e9get voltam egyed\u00fcl \u00e9s sokat t\u00e1rsas\u00e1gban is. De a v\u00e9g\u00e9re az\u00e9rt r\u00e1j\u00f6ttem, hogy egyed\u00fcl is \u00e9letk\u00e9pes vagyok (\u00e9s m\u00e9g sok minden m\u00e1sra, amihez m\u00e9g a mai napig, mint \u00e9lm\u00e9ny \u00e9s lecke visszany\u00falok).<\/p>\n\n\n\n<p>De ez csak az els\u0151 l\u00e9p\u00e9s volt.<br>Ezut\u00e1n (m\u00e1r Belgiumban) ter\u00e1pi\u00e1ba kezdtem, ami szint\u00e9n az anyas\u00e1gom el\u0151kapuja volt. H\u00f3napokon \u00e1t csak s\u00edrtam, az el nem s\u00edrt k\u00f6nnyeimet, amikor is el\u0151sz\u00f6r n\u00e9ztem szembe azzal, hogy ki is vagyok, honnan j\u00f6v\u00f6k. Sok\u00e1ig azt \u00e9reztem, hogy egyre jobban csak sz\u00e9tesem, m\u00edg nem egyszer megfordult \u00e9s elkezdett \u00f6sszerak\u00f3dni a k\u00e9p. Elkezdtem \u00f6sszerak\u00f3dni \u00e9n magam, ebb\u0151l a sz\u00e9tzil\u00e1lt \u00e1llapotb\u00f3l. El tudom k\u00e9pzelni, hogy sokan itt az elej\u00e9n visszal\u00e9pnek, visszafordulnak. Bevallom \u0151szint\u00e9n az \u00e9n fejemben is megfordult, mert nemhogy jobban, hanem m\u00e9g szarabbul, elveszettebb\u00fcl \u00e9reztem magam, de ugyanakkor azt is \u00e9reztem, hogy ez fontos, amit most csin\u00e1lok, ha innen visszafordulok, akkor annak nagy \u00e1ra van.<br><br>Azt\u00e1n els\u0151 pr\u00f3b\u00e1lkoz\u00e1sra teherbe estem, a Baham\u00e1kon fogant a bab\u00e1nk, de innent\u0151l m\u00e1r k\u00f6zel sem volt mes\u00e9s; kezdett\u0151l fogva szorongtam. Fel is tettem magamnak a k\u00e9rd\u00e9st, hogy ez\u00e9rt k\u00e9sz\u00fcltem ennyit? Ez ugye megint egy m\u00e1sik, hosszabb t\u00f6rt\u00e9net, \u00e9s egyszer meg is szeretn\u00e9m \u00edrni, most csak r\u00f6viden\u2026 De ez a bab\u00e1nk \u00fagy d\u00f6nt\u00f6tt, hogy visszafordul \u00e9s halva sz\u00fcletett. \u00c9s akkor \u00e9n is vele haltam.&nbsp; Sz\u00e9testem, \u00fajra, de annyira, mint m\u00e9g soha. Onnant\u00f3l kezdve viszont m\u00e1r tudtam, hogy szeretn\u00e9k anya lenni.<br>Sok munk\u00e1val \u00e9s seg\u00edts\u00e9ggel ebb\u0151l is lett egyszer f\u00e9ny. Amint a hormonjaim rendez\u0151dtek, egy f\u00e9l \u00e9vvel ut\u00e1na \u00fajra teherbe estem.<br>\u00c9s v\u00e9gre val\u00f3ban any\u00e1v\u00e1 v\u00e1ltam. Nagyon tudatosan k\u00e9sz\u00fcltem arra, hogy ez az \u00e9n \u00fajj\u00e1sz\u00fclet\u00e9sem is.<br>Azt\u00e1n \u00fajabb 4-5 \u00e9v gondolkod\u00e1sra, meg\u00e9rz\u00e9sre volt sz\u00fcks\u00e9gem, hogy szeretn\u00e9k m\u00e9g egy gyermeket.<br><br>Nem mindenkinek egyenes az \u00fat az anyas\u00e1ghoz. Nem mindenki tudja, hogy mit szeretne pontosan.<br>\u00c9s m\u00e9g ha tudja is, az egyik legnagyobb lecke, amit ebb\u0151l az \u00fatb\u00f3l megtanultam, hogy NEM MINDENT \u00c9N IR\u00c1NY\u00cdTOK, meg kell adnom magam, \u00e1t kell adnom magam.<br><br>Az \u00f6sszes workshop, n\u0151i k\u00f6r, sz\u00fcl\u00e9sfelk\u00e9sz\u00edt\u00e9s, any\u00e1k, n\u0151k t\u00e1mogat\u00e1sa\u2026 ebb\u0151l az \u00fatb\u00f3l t\u00e1pl\u00e1lkozik, amibe j\u00f3magam t\u00f6bbsz\u00f6r is \u201ebelehaltam\u201d, de felt\u00e1madtam. Ez az \u00fat \u00edgy kezd\u0151d\u00f6tt \u00e9s az\u00f3ta m\u00e9ly\u00fcl \u00e9s szerte\u00e1gaz a n\u0151i l\u00e9t \u00e1gaira.<\/p>\n\n\n\n<p><strong>Workshopok<\/strong><\/p>\n\n\n\n<p><strong><a href=\"https:\/\/click.mlsend.com\/link\/c\/YT0xOTIwODk4OTQ5NTI3Mzc3MTY0JmM9aDR2NSZlPTE5MjgmYj05NTIzMTgxNzEmZD13M3E3ZTlk.kk5IwdS547GEpNsr_D8izshjx6Km00RSExFL530RAJw\" target=\"_blank\" rel=\"noreferrer noopener\">Women\u2019s mini retreat &amp; Womb ritual<\/a><\/strong><\/p>\n\n\n\n<p><em>24th April 2022, Sunday 15:00-19:00<\/em><strong><\/strong><\/p>\n\n\n\n<p>Being a woman is not suffering but a bliss. We all can remember that. We all can reevoke that bliss and power!<a rel=\"noreferrer noopener\" href=\"https:\/\/click.mlsend.com\/link\/c\/YT0xOTIwODk4OTQ5NTI3Mzc3MTY0JmM9aDR2NSZlPTE5MjgmYj05NTIzMTgxNzQmZD1kNXI4YTFm.qf9cFxv1jS2y7imCm15JBeQFRKdv6eB42-9cb8Ra4Z8\" target=\"_blank\"><\/a><strong><a rel=\"noreferrer noopener\" href=\"https:\/\/click.mlsend.com\/link\/c\/YT0xOTIwODk4OTQ5NTI3Mzc3MTY0JmM9aDR2NSZlPTE5MjgmYj05NTIzMTgxNzYmZD1nOXUwdDVp._8eiUO_ep8xImei47d5nq9wm2yw5LA42rXaHUbwKVfQ\" target=\"_blank\"><\/a><\/strong><\/p>\n\n\n\n<p><strong><a href=\"https:\/\/click.mlsend.com\/link\/c\/YT0xOTIwODk4OTQ5NTI3Mzc3MTY0JmM9aDR2NSZlPTE5MjgmYj05NTIzMTgxNzcmZD15N2k1ZzVj.tOHEYnbDiXhYm9IOwl6JsAYThnI3xcD-Hq5OqUvwCQg\" target=\"_blank\" rel=\"noreferrer noopener\">Most \u00e9n j\u00f6v\u00f6k! T\u00f6ltsd fel magad Any\u00e1k napi j\u00f3ga \u00e9s relax\u00e1ci\u00f3s mini elvonul\u00e1s<\/a><\/strong><\/p>\n\n\n\n<p><em>M\u00e1jus 1. vas\u00e1rnap 10:00-14:00 vagy 15:00-19:00<\/em><\/p>\n\n\n\n<p>Ez az id\u0151 csak R\u00f3lad sz\u00f3l! Saj\u00e1t tested, elm\u00e9d, lelked felt\u00f6lt\u00e9s\u00e9r\u0151l, figyelem ad\u00e1s\u00e1r\u00f3l.<br><strong><a rel=\"noreferrer noopener\" href=\"https:\/\/click.mlsend.com\/link\/c\/YT0xOTIwODk4OTQ5NTI3Mzc3MTY0JmM9aDR2NSZlPTE5MjgmYj05NTIzMTgxNzkmZD14MWY3eThr.mcp712lTgdEUwV-fOSG06dI86CRD0IReYPz1bJlYPcM\" target=\"_blank\"><\/a><\/strong><\/p>\n\n\n\n<p><strong><a href=\"https:\/\/click.mlsend.com\/link\/c\/YT0xOTIwODk4OTQ5NTI3Mzc3MTY0JmM9aDR2NSZlPTE5MjgmYj05NTIzMTgxODEmZD14M3Y0ajJx.ugBf-dEjx7QAyh7Im10f2j7QuOULPfvolGw4isZ4aZs\" target=\"_blank\" rel=\"noreferrer noopener\">Anya \u2013 Csal\u00e1d &amp; Rendszer \u00e1ll\u00edt\u00e1s Workshop<\/a><\/strong><br><em><br>M\u00e1jus 14, szombat 09:30-13:30; Avenue Paul Hymans 99<\/em><br><br>Any\u00e1ink l\u00e1nya vagyunk, tal\u00e1n mi magunk is any\u00e1k \u00e9s ott van m\u00e9g a bels\u0151 any\u00e1nk is. Ezek csak a legk\u00f6zismertebb \u00e9s legt\u00f6bbsz\u00f6r felbukkan\u00f3 arcai az Anya archet\u00edpusnak.<\/p>\n","protected":false},"excerpt":{"rendered":"<p>Sokf\u00e9le \u00fatja van az anyas\u00e1gnak. Van, aki tudja, hogy gyermeket szeretne \u00e9s azt is tudja pontosan hogy h\u00e1nyat. Tudja, hogy anya szeretne lenni.\u00c9n nem ebbe a csoportba tartoztam, nekem ez \u00e9vek kutat\u00e1sa \u00e9s munk\u00e1ja volt. (Kb. ugyanezt az utat j\u00e1rtam be a h\u00e1zass\u00e1ggal is). Annak ellen\u00e9re, hogy a gyermekkorom munk\u00e1san telt, m\u00e1r abban az id\u0151ben n\u0151ttem fel amikor az \u201e\u00e1ltal\u00e1nos\u201d n\u0151i menetrendet megk\u00e9rd\u0151jelezhettem. Ezt is meg is tettem. Nyilas jegyben sz\u00fclettem, vagy ebb\u0151l, vagy ki tudja (m\u00e9g) mi\u00e9rt a szabads\u00e1g az alap elemem, \u00e9s ezt mind a h\u00e1zass\u00e1g \u00e9s a gyermekek el\u00e9g er\u0151sen megnyirb\u00e1lj\u00e1k. Term\u00e9szetesen csak els\u0151 r\u00e1n\u00e9z\u00e9sre. Az\u00f3ta m\u00e1r tudom, hogy ezeken bel\u00fcl is kibontakozhatom, nagyobb kih\u00edv\u00e1s ugyan, (legal\u00e1bbis szerintem) de nem lehetetlen. &nbsp;Sz\u00f3val \u00e9reztem, hogy ezt a gyerek t\u00e9m\u00e1t nem tudom teljesen elengedni, de rengeteg bizonytalans\u00e1g volt bennem, hogy any\u00e1nak val\u00f3 vagyok-e \u00e9n. Azt tudtam m\u00e1r r\u00e9gen, hogy fontos sz\u00e1momra az \u00f6nmegval\u00f3s\u00edt\u00e1s a munk\u00e1mon kereszt\u00fcl, bizonytalan voltam benne, hogy ebbe a gyerekek belef\u00e9rnek-e. Tudok-e eleget figyelni r\u00e1juk, eleget vel\u00fck lenni, ne adj Isten, azt \u00e9rzem majd hogy visszah\u00faznak\u2026(Term\u00e9szetesen ezeket mind \u00e9reztem \u00e9s \u00e9rzem anyak\u00e9nt)Ebbe eg\u00e9szen addig belep\u00f6rgettem magam, hogy elhat\u00e1roztam, hogy egyed\u00fcl neki v\u00e1gok az \u00e9szaki Caminonak ezzel a k\u00e9rd\u00e9ssel, \u00e9s feltett sz\u00e1nd\u00e9kom volt, hogy az \u00fat v\u00e9g\u00e9re v\u00e1laszt kapok.Neki kezdtem szervezni, f\u00f3rumokat olvasni, McDonalds el\u0151tt tal\u00e1lkozni egy fi\u00faval aki t\u00e9rk\u00e9pet \u00e9s tan\u00e1csokat adott \u00e1t az \u00fatj\u00e1r\u00f3l. Persze, itt sem oda mentem, ami a megszokott \u00fatvonal, hanem az \u00e9szakira ahol m\u00e9g akkor kevesebben voltak \u00e9s kev\u00e9sb\u00e9 ki\u00e9p\u00edtett volt. Azt\u00e1n j\u00f6tt a pofon, a f\u0151n\u00f6k\u00f6m nem engedett el annyi id\u0151re szabads\u00e1gra, maximum 2 hetet kaptam. A h\u00e9tv\u00e9g\u00e9kkel, meg hozz\u00e1 toldott napokkal volt majdnem 2,5 hetem. Pozsonyb\u00f3l rep\u00fcltem N\u00e9metorsz\u00e1gba, ott a rept\u00e9ren \u00e9jjel egy volt l\u00e9giutask\u00eds\u00e9r\u0151 vend\u00e9gem, begy\u0171jt\u00f6tt \u00e9s n\u00e1la aludtam, m\u00e1snap indultam Biarritzba Franciaorsz\u00e1gba \u00e9s onnan \u00e1t vonattal Spanyolorsz\u00e1gba. Pozsonyban szinte sokkos \u00e1llapotban sz\u00e1lltam fel, zokogtam, annyira akartam \u00e9s annyira f\u00e9ltem. Ez volt az els\u0151 utam egyed\u00fcl. \u00c9n nem \u00fagy n\u0151ttem fel, mint a gyerekeim, hogy rep\u00fcltem jobbra balra. Ez akkor 20 \u00e9ve m\u00e9g nagy sz\u00f3 volt nekem, hogy egyed\u00fcl neki v\u00e1gjak az ismeretlennek. Nem v\u00e1rt sehol senki. Az els\u0151 sz\u00e1ll\u00e1som c\u00edme megvolt \u00e9s csak rem\u00e9ltem, hogy lesz helyem ott aludni.De ez volt az els\u0151 \u00e1llom\u00e1s az anyas\u00e1g k\u00e9rd\u00e9se \u00fatj\u00e1n.Lehet, egy k\u00fcl\u00f6n t\u00e9ma lenne, hogy az eg\u00e9sz utat le\u00edrjam, mert nagyon \u00e9rdekes volt \u00e9s \u00f6r\u00f6k \u00e9lm\u00e9ny.V\u00e1laszt kaptam is \u00e9s nem is. Bebizony\u00edtottam magamnak, hogy v\u00e9gig tudom csin\u00e1lni. Iszonytat\u00f3 mennyis\u00e9get voltam egyed\u00fcl \u00e9s sokat t\u00e1rsas\u00e1gban is. De a v\u00e9g\u00e9re az\u00e9rt r\u00e1j\u00f6ttem, hogy egyed\u00fcl is \u00e9letk\u00e9pes vagyok (\u00e9s m\u00e9g sok minden m\u00e1sra, amihez m\u00e9g a mai napig, mint \u00e9lm\u00e9ny \u00e9s lecke visszany\u00falok). De ez csak az els\u0151 l\u00e9p\u00e9s volt.Ezut\u00e1n (m\u00e1r Belgiumban) ter\u00e1pi\u00e1ba kezdtem, ami szint\u00e9n az anyas\u00e1gom el\u0151kapuja volt. H\u00f3napokon \u00e1t csak s\u00edrtam, az el nem s\u00edrt k\u00f6nnyeimet, amikor is el\u0151sz\u00f6r n\u00e9ztem szembe azzal, hogy ki is vagyok, honnan j\u00f6v\u00f6k. Sok\u00e1ig azt \u00e9reztem, hogy egyre jobban csak sz\u00e9tesem, m\u00edg nem egyszer megfordult \u00e9s elkezdett \u00f6sszerak\u00f3dni a k\u00e9p. Elkezdtem \u00f6sszerak\u00f3dni \u00e9n magam, ebb\u0151l a sz\u00e9tzil\u00e1lt \u00e1llapotb\u00f3l. El tudom k\u00e9pzelni, hogy sokan itt az elej\u00e9n visszal\u00e9pnek, visszafordulnak. Bevallom \u0151szint\u00e9n az \u00e9n fejemben is megfordult, mert nemhogy jobban, hanem m\u00e9g szarabbul, elveszettebb\u00fcl \u00e9reztem magam, de ugyanakkor azt is \u00e9reztem, hogy ez fontos, amit most csin\u00e1lok, ha innen visszafordulok, akkor annak nagy \u00e1ra van. Azt\u00e1n els\u0151 pr\u00f3b\u00e1lkoz\u00e1sra teherbe estem, a Baham\u00e1kon fogant a bab\u00e1nk, de innent\u0151l m\u00e1r k\u00f6zel sem volt mes\u00e9s; kezdett\u0151l fogva szorongtam. Fel is tettem magamnak a k\u00e9rd\u00e9st, hogy ez\u00e9rt k\u00e9sz\u00fcltem ennyit? Ez ugye megint egy m\u00e1sik, hosszabb t\u00f6rt\u00e9net, \u00e9s egyszer meg is szeretn\u00e9m \u00edrni, most csak r\u00f6viden\u2026 De ez a bab\u00e1nk \u00fagy d\u00f6nt\u00f6tt, hogy visszafordul \u00e9s halva sz\u00fcletett. \u00c9s akkor \u00e9n is vele haltam.&nbsp; Sz\u00e9testem, \u00fajra, de annyira, mint m\u00e9g soha. Onnant\u00f3l kezdve viszont m\u00e1r tudtam, hogy szeretn\u00e9k anya lenni.Sok munk\u00e1val \u00e9s seg\u00edts\u00e9ggel ebb\u0151l is lett egyszer f\u00e9ny. Amint a hormonjaim rendez\u0151dtek, egy f\u00e9l \u00e9vvel ut\u00e1na \u00fajra teherbe estem.\u00c9s v\u00e9gre val\u00f3ban any\u00e1v\u00e1 v\u00e1ltam. Nagyon tudatosan k\u00e9sz\u00fcltem arra, hogy ez az \u00e9n \u00fajj\u00e1sz\u00fclet\u00e9sem is.Azt\u00e1n \u00fajabb 4-5 \u00e9v gondolkod\u00e1sra, meg\u00e9rz\u00e9sre volt sz\u00fcks\u00e9gem, hogy szeretn\u00e9k m\u00e9g egy gyermeket. Nem mindenkinek egyenes az \u00fat az anyas\u00e1ghoz. Nem mindenki tudja, hogy mit szeretne pontosan.\u00c9s m\u00e9g ha tudja is, az egyik legnagyobb lecke, amit ebb\u0151l az \u00fatb\u00f3l megtanultam, hogy NEM MINDENT \u00c9N IR\u00c1NY\u00cdTOK, meg kell adnom magam, \u00e1t kell adnom magam. Az \u00f6sszes workshop, n\u0151i k\u00f6r, sz\u00fcl\u00e9sfelk\u00e9sz\u00edt\u00e9s, any\u00e1k, n\u0151k t\u00e1mogat\u00e1sa\u2026 ebb\u0151l az \u00fatb\u00f3l t\u00e1pl\u00e1lkozik, amibe j\u00f3magam t\u00f6bbsz\u00f6r is \u201ebelehaltam\u201d, de felt\u00e1madtam. Ez az \u00fat \u00edgy kezd\u0151d\u00f6tt \u00e9s az\u00f3ta m\u00e9ly\u00fcl \u00e9s szerte\u00e1gaz a n\u0151i l\u00e9t \u00e1gaira. Workshopok Women\u2019s mini retreat &amp; Womb ritual 24th April 2022, Sunday 15:00-19:00 Being a woman is not suffering but a bliss. We all can remember that. We all can reevoke that bliss and power! Most \u00e9n j\u00f6v\u00f6k! T\u00f6ltsd fel magad Any\u00e1k napi j\u00f3ga \u00e9s relax\u00e1ci\u00f3s mini elvonul\u00e1s M\u00e1jus 1. vas\u00e1rnap 10:00-14:00 vagy 15:00-19:00 Ez az id\u0151 csak R\u00f3lad sz\u00f3l! Saj\u00e1t tested, elm\u00e9d, lelked felt\u00f6lt\u00e9s\u00e9r\u0151l, figyelem ad\u00e1s\u00e1r\u00f3l. Anya \u2013 Csal\u00e1d &amp; Rendszer \u00e1ll\u00edt\u00e1s WorkshopM\u00e1jus 14, szombat 09:30-13:30; Avenue Paul Hymans 99 Any\u00e1ink l\u00e1nya vagyunk, tal\u00e1n mi magunk is any\u00e1k \u00e9s ott van m\u00e9g a bels\u0151 any\u00e1nk is. Ezek csak a legk\u00f6zismertebb \u00e9s legt\u00f6bbsz\u00f6r felbukkan\u00f3 arcai az Anya archet\u00edpusnak.<\/p>\n","protected":false},"author":2,"featured_media":0,"comment_status":"open","ping_status":"open","sticky":false,"template":"","format":"standard","meta":{"_exactmetrics_skip_tracking":false,"_exactmetrics_sitenote_active":false,"_exactmetrics_sitenote_note":"","_exactmetrics_sitenote_category":0,"advanced_seo_description":"","jetpack_seo_html_title":"","jetpack_seo_noindex":false,"_jetpack_memberships_contains_paid_content":false,"footnotes":""},"categories":[20],"tags":[139,279,282,280,122,281,283,109],"translation":{"provider":"WPGlobus","version":"3.0.0","language":"hu","enabled_languages":["en","hu"],"languages":{"en":{"title":true,"content":true,"excerpt":false},"hu":{"title":false,"content":false,"excerpt":false}}},"jetpack_featured_media_url":"","jetpack_likes_enabled":true,"jetpack_shortlink":"https:\/\/wp.me\/pbIAfB-xV","jetpack_sharing_enabled":true,"acf":[],"_links":{"self":[{"href":"https:\/\/hajnierdelyi.com\/hu\/wp-json\/wp\/v2\/posts\/2103"}],"collection":[{"href":"https:\/\/hajnierdelyi.com\/hu\/wp-json\/wp\/v2\/posts"}],"about":[{"href":"https:\/\/hajnierdelyi.com\/hu\/wp-json\/wp\/v2\/types\/post"}],"author":[{"embeddable":true,"href":"https:\/\/hajnierdelyi.com\/hu\/wp-json\/wp\/v2\/users\/2"}],"replies":[{"embeddable":true,"href":"https:\/\/hajnierdelyi.com\/hu\/wp-json\/wp\/v2\/comments?post=2103"}],"version-history":[{"count":1,"href":"https:\/\/hajnierdelyi.com\/hu\/wp-json\/wp\/v2\/posts\/2103\/revisions"}],"predecessor-version":[{"id":2104,"href":"https:\/\/hajnierdelyi.com\/hu\/wp-json\/wp\/v2\/posts\/2103\/revisions\/2104"}],"wp:attachment":[{"href":"https:\/\/hajnierdelyi.com\/hu\/wp-json\/wp\/v2\/media?parent=2103"}],"wp:term":[{"taxonomy":"category","embeddable":true,"href":"https:\/\/hajnierdelyi.com\/hu\/wp-json\/wp\/v2\/categories?post=2103"},{"taxonomy":"post_tag","embeddable":true,"href":"https:\/\/hajnierdelyi.com\/hu\/wp-json\/wp\/v2\/tags?post=2103"}],"curies":[{"name":"wp","href":"https:\/\/api.w.org\/{rel}","templated":true}]}}