{"id":2094,"date":"2022-04-04T08:23:18","date_gmt":"2022-04-04T07:23:18","guid":{"rendered":"https:\/\/hajnierdelyi.com\/?p=2094"},"modified":"2022-04-04T08:23:19","modified_gmt":"2022-04-04T07:23:19","slug":"anyasag-kivul-belul","status":"publish","type":"post","link":"https:\/\/hajnierdelyi.com\/hu\/2022\/04\/04\/anyasag-kivul-belul\/","title":{"rendered":"Anyas\u00e1g k\u00edv\u00fcl-bel\u00fcl"},"content":{"rendered":"\n<p>Kicsit el\u0151re szaladok, m\u00e1r m\u00e1juson, any\u00e1k napj\u00e1n j\u00e1r az eszem \u00e9s az elk\u00f6vetkezend\u0151 hetekben ezt a t\u00e9m\u00e1t szeretn\u00e9m k\u00f6rbe j\u00e1rni. De tudod, csak r\u00f6viden. \u00c9s annyi a c\u00e9lom, (mint mindig) hogy egy\u00fctt gondolkodjunk.<br>Pedig \u00f3ri\u00e1si \u00e9s kiapadhatatlan t\u00e9ma.<\/p>\n\n\n\n<p>Az egyik dolog, ami hetek \u00f3ta j\u00e1r a fejemben, \u00e9s szeretn\u00e9k r\u00f3la \u00edrni, hogy mennyire elveszettek vagyunk. K\u00e9rd ki magadnak, nyugodtan, ha Te nem. \ud83d\ude0a<\/p>\n\n\n\n<p><br>Elveszettek \u00fagy, mint akik j\u00e1ratlan utat taposnak \u00e9s szomjazzuk a j\u00f3 p\u00e9ld\u00e1t, aki h\u00fazhat, akibe bele lehetne kapaszkodni, aki arra megy amerre mi is szeretn\u00e9nk menni. Akivel lehet besz\u00e9lgetni, ki mit hogyan csin\u00e1l, \u0151szint\u00e9n, lehet\u0151leg min\u00e9l kevesebb b\u00edr\u00e1lat n\u00e9lk\u00fcl. Sok az \u00f6nigazol\u00e1s, f\u00e1jdalom \u00e9s ezeken a r\u00e9tegeken \u00e1t neh\u00e9z kapcsol\u00f3dni \u00e1m. Kinek egy szakemberrel, vezet\u0151vel k\u00f6nnyebb pont emiatt a r\u00e9tegek miatt kapcsol\u00f3dni, mert bar\u00e1tokkal valahogy nem megy. Kinek pont ford\u00edtva.<br>Van, hogy h\u00faz a p\u00e9lda, van, hogy tasz\u00edt a p\u00e9lda. Szeretn\u00e9nk is magunkra gy\u00farni, de ugyanakkor sokszor v\u00e1gyunk a cookie cutter k\u00e9sz form\u00e1tumokra.<\/p>\n\n\n\n<p>Elveszettek \u00fagy, hogy elvesz\u00fcnk a f\u00fazi\u00f3ban. A mama \u00f6sszeolvad a gyermek\u00e9vel, el\u0151sz\u00f6r egy gyermekes mam\u00e1v\u00e1 v\u00e1lik, majd tal\u00e1n k\u00e9t gyermekes \u00e9s \u00edgy tov\u00e1bb. \u00dajabb \u00e9s \u00fajabb f\u00fazi\u00f3k, t\u00e1gul a k\u00f6r.&nbsp; Azt\u00e1n n\u00e9ha tudjuk, hogy m\u00e1r nem szeretn\u00e9nk t\u00f6bb gyereket, vagy m\u00e9g nem tudjuk, de neh\u00e9z kil\u00e9pni a f\u00fazi\u00f3b\u00f3l \u00e9s \u00fajra magunkra tal\u00e1lni. Kiv\u00e9 v\u00e1ltunk?<br>Egyszer egy kliensemmel besz\u00e9lgetve az \u00f3r\u00e1n, meg\u00e1llt \u00e9s azt mondta:<br>\u201e Azt se tudom, hogy ki vagyok. Mindig tudtam, hogy szeretn\u00e9m ezt a munk\u00e1t, X gyereket, egy h\u00e1zat. Mind megvan \u00e9s k\u00f6zben nem tudom, hogy ki vagyok, kiv\u00e9 lettem ebben a folyamatban.\u201d<br>Gyakran ez az anyas\u00e1g olyan er\u0151s, hogy pont a p\u00e1rkapcsolatunkat zil\u00e1lja sz\u00e9t, vagy t\u00e9p\u00e1zza meg.<br>Pedig a f\u00fazi\u00f3 sz\u00fcks\u00e9gszer\u0171, \u00e1t kell alakulnunk, de ut\u00e1na sz\u00e9t is kell v\u00e1lnunk.<\/p>\n\n\n\n<p>Ha hisz\u00fcnk abban, hogy a saj\u00e1t boldogs\u00e1gunk\u00e9rt magunk vagyunk felel\u0151sek, akkor ez a f\u00fazi\u00f3ban nagyon neh\u00e9z, mert ki tudja h\u00e1ny ember lakozik m\u00e9g benn\u00fcnk\/ a k\u00f6r\u00fcnkben, akiknek a boldogs\u00e1g\u00e1\u00e9rt felel\u0151sek vagyunk. (Just saying it\u2026) Kitehetek ide egy disclaimert, hogy term\u00e9szetesen nem is az \u00f6nz\u0151s\u00e9gre gondolok, vagy ak\u00e1r gyermekeink elhanyagol\u00e1s\u00e1ra. Nem, nem.<br>Az a tapasztalatom, hogy ink\u00e1bb az ellenoldalt kell er\u0151s\u00edteni: a lehet r\u00f3lam is sz\u00f3, \u00e9n is itt vagyok a sorban \u00e9s nekem is vannak sz\u00fcks\u00e9gleteim. Enged\u00e9lyt adni: az \u00f6nmagunkra tal\u00e1l\u00e1sra anyak\u00e9nt \u00e9s ezen szerep n\u00e9lk\u00fcl.<\/p>\n\n\n\n<p>Mit \u00e9rzel? Mi van benned?<br><br>J\u00f6v\u0151 h\u00e9ten folyt k\u00f6v. Addig is v\u00e9gre-v\u00e9gre k\u00e9szen \u00e1llnak a workshopok, mini elvonul\u00e1sok \u00e1prilis, m\u00e1jusra! \ud83d\ude0a<\/p>\n\n\n\n<p>Workshopok<\/p>\n\n\n\n<p><strong><a href=\"https:\/\/click.mlsend.com\/link\/c\/YT0xOTIwODk4OTQ5NTI3Mzc3MTY0JmM9aDR2NSZlPTE5MjgmYj05NTIzMTgxNzEmZD13M3E3ZTlk.kk5IwdS547GEpNsr_D8izshjx6Km00RSExFL530RAJw\" target=\"_blank\" rel=\"noreferrer noopener\">Women\u2019s mini retreat &amp; Womb ritual<\/a><\/strong><\/p>\n\n\n\n<p><em>24th April 2022, Sunday 15:00-19:00<\/em><strong><\/strong><\/p>\n\n\n\n<p>Being a woman is not suffering but a bliss. We all can remember that. We all can reevoke that bliss and power!<\/p>\n\n\n\n<p><a href=\"https:\/\/click.mlsend.com\/link\/c\/YT0xOTIwODk4OTQ5NTI3Mzc3MTY0JmM9aDR2NSZlPTE5MjgmYj05NTIzMTgxNzQmZD1kNXI4YTFm.qf9cFxv1jS2y7imCm15JBeQFRKdv6eB42-9cb8Ra4Z8\" target=\"_blank\" rel=\"noreferrer noopener\"><\/a><strong><a href=\"https:\/\/click.mlsend.com\/link\/c\/YT0xOTIwODk4OTQ5NTI3Mzc3MTY0JmM9aDR2NSZlPTE5MjgmYj05NTIzMTgxNzYmZD1nOXUwdDVp._8eiUO_ep8xImei47d5nq9wm2yw5LA42rXaHUbwKVfQ\" target=\"_blank\" rel=\"noreferrer noopener\"><\/a><\/strong><\/p>\n\n\n\n<p><strong><a href=\"https:\/\/click.mlsend.com\/link\/c\/YT0xOTIwODk4OTQ5NTI3Mzc3MTY0JmM9aDR2NSZlPTE5MjgmYj05NTIzMTgxNzcmZD15N2k1ZzVj.tOHEYnbDiXhYm9IOwl6JsAYThnI3xcD-Hq5OqUvwCQg\" target=\"_blank\" rel=\"noreferrer noopener\">Most \u00e9n j\u00f6v\u00f6k! T\u00f6ltsd fel magad Any\u00e1k napi j\u00f3ga \u00e9s relax\u00e1ci\u00f3s mini elvonul\u00e1s<\/a><\/strong><\/p>\n\n\n\n<p><em>M\u00e1jus 1. vas\u00e1rnap 10:00-14:00 vagy 15:00-19:00<\/em><\/p>\n\n\n\n<p>Ez az id\u0151 csak R\u00f3lad sz\u00f3l! Saj\u00e1t tested, elm\u00e9d, lelked felt\u00f6lt\u00e9s\u00e9r\u0151l, figyelem ad\u00e1s\u00e1r\u00f3l.<br><\/p>\n\n\n\n<p><strong><a href=\"https:\/\/click.mlsend.com\/link\/c\/YT0xOTIwODk4OTQ5NTI3Mzc3MTY0JmM9aDR2NSZlPTE5MjgmYj05NTIzMTgxNzkmZD14MWY3eThr.mcp712lTgdEUwV-fOSG06dI86CRD0IReYPz1bJlYPcM\" target=\"_blank\" rel=\"noreferrer noopener\"><\/a><\/strong><\/p>\n\n\n\n<p><strong><a href=\"https:\/\/click.mlsend.com\/link\/c\/YT0xOTIwODk4OTQ5NTI3Mzc3MTY0JmM9aDR2NSZlPTE5MjgmYj05NTIzMTgxODEmZD14M3Y0ajJx.ugBf-dEjx7QAyh7Im10f2j7QuOULPfvolGw4isZ4aZs\" target=\"_blank\" rel=\"noreferrer noopener\">Anya \u2013 Csal\u00e1d &amp; Rendszer \u00e1ll\u00edt\u00e1s Workshop<\/a><\/strong><br><em><br>M\u00e1jus 14, szombat 09:30-13:30; Avenue Paul Hymans 99<\/em><br><br>Any\u00e1ink l\u00e1nya vagyunk, tal\u00e1n mi magunk is any\u00e1k \u00e9s ott van m\u00e9g a bels\u0151 any\u00e1nk is. Ezek csak a legk\u00f6zismertebb \u00e9s legt\u00f6bbsz\u00f6r felbukkan\u00f3 arcai az Anya archet\u00edpusnak.<\/p>\n","protected":false},"excerpt":{"rendered":"<p>Kicsit el\u0151re szaladok, m\u00e1r m\u00e1juson, any\u00e1k napj\u00e1n j\u00e1r az eszem \u00e9s az elk\u00f6vetkezend\u0151 hetekben ezt a t\u00e9m\u00e1t szeretn\u00e9m k\u00f6rbe j\u00e1rni. De tudod, csak r\u00f6viden. \u00c9s annyi a c\u00e9lom, (mint mindig) hogy egy\u00fctt gondolkodjunk.Pedig \u00f3ri\u00e1si \u00e9s kiapadhatatlan t\u00e9ma. Az egyik dolog, ami hetek \u00f3ta j\u00e1r a fejemben, \u00e9s szeretn\u00e9k r\u00f3la \u00edrni, hogy mennyire elveszettek vagyunk. K\u00e9rd ki magadnak, nyugodtan, ha Te nem. \ud83d\ude0a Elveszettek \u00fagy, mint akik j\u00e1ratlan utat taposnak \u00e9s szomjazzuk a j\u00f3 p\u00e9ld\u00e1t, aki h\u00fazhat, akibe bele lehetne kapaszkodni, aki arra megy amerre mi is szeretn\u00e9nk menni. Akivel lehet besz\u00e9lgetni, ki mit hogyan csin\u00e1l, \u0151szint\u00e9n, lehet\u0151leg min\u00e9l kevesebb b\u00edr\u00e1lat n\u00e9lk\u00fcl. Sok az \u00f6nigazol\u00e1s, f\u00e1jdalom \u00e9s ezeken a r\u00e9tegeken \u00e1t neh\u00e9z kapcsol\u00f3dni \u00e1m. Kinek egy szakemberrel, vezet\u0151vel k\u00f6nnyebb pont emiatt a r\u00e9tegek miatt kapcsol\u00f3dni, mert bar\u00e1tokkal valahogy nem megy. Kinek pont ford\u00edtva.Van, hogy h\u00faz a p\u00e9lda, van, hogy tasz\u00edt a p\u00e9lda. Szeretn\u00e9nk is magunkra gy\u00farni, de ugyanakkor sokszor v\u00e1gyunk a cookie cutter k\u00e9sz form\u00e1tumokra. Elveszettek \u00fagy, hogy elvesz\u00fcnk a f\u00fazi\u00f3ban. A mama \u00f6sszeolvad a gyermek\u00e9vel, el\u0151sz\u00f6r egy gyermekes mam\u00e1v\u00e1 v\u00e1lik, majd tal\u00e1n k\u00e9t gyermekes \u00e9s \u00edgy tov\u00e1bb. \u00dajabb \u00e9s \u00fajabb f\u00fazi\u00f3k, t\u00e1gul a k\u00f6r.&nbsp; Azt\u00e1n n\u00e9ha tudjuk, hogy m\u00e1r nem szeretn\u00e9nk t\u00f6bb gyereket, vagy m\u00e9g nem tudjuk, de neh\u00e9z kil\u00e9pni a f\u00fazi\u00f3b\u00f3l \u00e9s \u00fajra magunkra tal\u00e1lni. Kiv\u00e9 v\u00e1ltunk?Egyszer egy kliensemmel besz\u00e9lgetve az \u00f3r\u00e1n, meg\u00e1llt \u00e9s azt mondta:\u201e Azt se tudom, hogy ki vagyok. Mindig tudtam, hogy szeretn\u00e9m ezt a munk\u00e1t, X gyereket, egy h\u00e1zat. Mind megvan \u00e9s k\u00f6zben nem tudom, hogy ki vagyok, kiv\u00e9 lettem ebben a folyamatban.\u201dGyakran ez az anyas\u00e1g olyan er\u0151s, hogy pont a p\u00e1rkapcsolatunkat zil\u00e1lja sz\u00e9t, vagy t\u00e9p\u00e1zza meg.Pedig a f\u00fazi\u00f3 sz\u00fcks\u00e9gszer\u0171, \u00e1t kell alakulnunk, de ut\u00e1na sz\u00e9t is kell v\u00e1lnunk. Ha hisz\u00fcnk abban, hogy a saj\u00e1t boldogs\u00e1gunk\u00e9rt magunk vagyunk felel\u0151sek, akkor ez a f\u00fazi\u00f3ban nagyon neh\u00e9z, mert ki tudja h\u00e1ny ember lakozik m\u00e9g benn\u00fcnk\/ a k\u00f6r\u00fcnkben, akiknek a boldogs\u00e1g\u00e1\u00e9rt felel\u0151sek vagyunk. (Just saying it\u2026) Kitehetek ide egy disclaimert, hogy term\u00e9szetesen nem is az \u00f6nz\u0151s\u00e9gre gondolok, vagy ak\u00e1r gyermekeink elhanyagol\u00e1s\u00e1ra. Nem, nem.Az a tapasztalatom, hogy ink\u00e1bb az ellenoldalt kell er\u0151s\u00edteni: a lehet r\u00f3lam is sz\u00f3, \u00e9n is itt vagyok a sorban \u00e9s nekem is vannak sz\u00fcks\u00e9gleteim. Enged\u00e9lyt adni: az \u00f6nmagunkra tal\u00e1l\u00e1sra anyak\u00e9nt \u00e9s ezen szerep n\u00e9lk\u00fcl. Mit \u00e9rzel? Mi van benned? J\u00f6v\u0151 h\u00e9ten folyt k\u00f6v. Addig is v\u00e9gre-v\u00e9gre k\u00e9szen \u00e1llnak a workshopok, mini elvonul\u00e1sok \u00e1prilis, m\u00e1jusra! \ud83d\ude0a Workshopok Women\u2019s mini retreat &amp; Womb ritual 24th April 2022, Sunday 15:00-19:00 Being a woman is not suffering but a bliss. We all can remember that. We all can reevoke that bliss and power! Most \u00e9n j\u00f6v\u00f6k! T\u00f6ltsd fel magad Any\u00e1k napi j\u00f3ga \u00e9s relax\u00e1ci\u00f3s mini elvonul\u00e1s M\u00e1jus 1. vas\u00e1rnap 10:00-14:00 vagy 15:00-19:00 Ez az id\u0151 csak R\u00f3lad sz\u00f3l! Saj\u00e1t tested, elm\u00e9d, lelked felt\u00f6lt\u00e9s\u00e9r\u0151l, figyelem ad\u00e1s\u00e1r\u00f3l. Anya \u2013 Csal\u00e1d &amp; Rendszer \u00e1ll\u00edt\u00e1s WorkshopM\u00e1jus 14, szombat 09:30-13:30; Avenue Paul Hymans 99 Any\u00e1ink l\u00e1nya vagyunk, tal\u00e1n mi magunk is any\u00e1k \u00e9s ott van m\u00e9g a bels\u0151 any\u00e1nk is. Ezek csak a legk\u00f6zismertebb \u00e9s legt\u00f6bbsz\u00f6r felbukkan\u00f3 arcai az Anya archet\u00edpusnak.<\/p>\n","protected":false},"author":2,"featured_media":0,"comment_status":"open","ping_status":"open","sticky":false,"template":"","format":"standard","meta":{"_exactmetrics_skip_tracking":false,"_exactmetrics_sitenote_active":false,"_exactmetrics_sitenote_note":"","_exactmetrics_sitenote_category":0,"advanced_seo_description":"","jetpack_seo_html_title":"","jetpack_seo_noindex":false,"_jetpack_memberships_contains_paid_content":false,"footnotes":""},"categories":[20],"tags":[277,139,278,43,109],"translation":{"provider":"WPGlobus","version":"3.0.0","language":"hu","enabled_languages":["en","hu"],"languages":{"en":{"title":true,"content":true,"excerpt":false},"hu":{"title":false,"content":false,"excerpt":false}}},"jetpack_featured_media_url":"","jetpack_likes_enabled":true,"jetpack_shortlink":"https:\/\/wp.me\/pbIAfB-xM","jetpack_sharing_enabled":true,"acf":[],"_links":{"self":[{"href":"https:\/\/hajnierdelyi.com\/hu\/wp-json\/wp\/v2\/posts\/2094"}],"collection":[{"href":"https:\/\/hajnierdelyi.com\/hu\/wp-json\/wp\/v2\/posts"}],"about":[{"href":"https:\/\/hajnierdelyi.com\/hu\/wp-json\/wp\/v2\/types\/post"}],"author":[{"embeddable":true,"href":"https:\/\/hajnierdelyi.com\/hu\/wp-json\/wp\/v2\/users\/2"}],"replies":[{"embeddable":true,"href":"https:\/\/hajnierdelyi.com\/hu\/wp-json\/wp\/v2\/comments?post=2094"}],"version-history":[{"count":2,"href":"https:\/\/hajnierdelyi.com\/hu\/wp-json\/wp\/v2\/posts\/2094\/revisions"}],"predecessor-version":[{"id":2096,"href":"https:\/\/hajnierdelyi.com\/hu\/wp-json\/wp\/v2\/posts\/2094\/revisions\/2096"}],"wp:attachment":[{"href":"https:\/\/hajnierdelyi.com\/hu\/wp-json\/wp\/v2\/media?parent=2094"}],"wp:term":[{"taxonomy":"category","embeddable":true,"href":"https:\/\/hajnierdelyi.com\/hu\/wp-json\/wp\/v2\/categories?post=2094"},{"taxonomy":"post_tag","embeddable":true,"href":"https:\/\/hajnierdelyi.com\/hu\/wp-json\/wp\/v2\/tags?post=2094"}],"curies":[{"name":"wp","href":"https:\/\/api.w.org\/{rel}","templated":true}]}}